{"id":91,"date":"2019-04-17T09:00:24","date_gmt":"2019-04-17T13:00:24","guid":{"rendered":"http:\/\/www.cerc-martinique.fr\/?p=1"},"modified":"2019-04-17T09:00:24","modified_gmt":"2019-04-17T13:00:24","slug":"la_construction_en_martinique_10_ans_de_conjoncture","status":"publish","type":"post","link":"https:\/\/www.cerc-mq.fr\/index.php\/2019\/04\/17\/la_construction_en_martinique_10_ans_de_conjoncture\/","title":{"rendered":"La Construction en Martinique : 10 ans de conjoncture"},"content":{"rendered":"<p>Cr\u00e9\u00e9e en 2018, afin d\u2019\u0153uvrer \u00e0 la dynamisation du secteur de la Construction, la CERC souhaite permettre<br \/>\naux acteurs et aux partenaires de la fili\u00e8re de b\u00e9n\u00e9ficier d\u2019une meilleure connaissance du secteur \u00e0 l\u2019\u00e9chelle<br \/>\nde la Martinique.<\/p>\n<p>Aussi, dans cette premi\u00e8re publication, nous avons souhait\u00e9 dresser un \u00e9tat des lieux de l\u2019\u00e9volution du<br \/>\nsecteur de la Construction au cours des dix derni\u00e8res ann\u00e9es, voire davantage.<\/p>\n<p>Cette longue r\u00e9trospective est l\u2019occasion de montrer quel fut l\u2019impact de la crise socio-\u00e9conomique de<br \/>\n2008-2009 sur le secteur du BTP : que s\u2019est-il pass\u00e9 depuis ? O\u00f9 en sommes-nous aujourd\u2019hui ?<\/p>\n<div class=\"text-center\"><a href=\"https:\/\/www.cerc-martinique.fr\/wp-content\/uploads\/2019\/04\/brochureCERC062019.pdf\">La Construction en Martinique : 10 ans de conjoncture<\/a><\/div>\n","protected":false},"excerpt":{"rendered":"<p>Cr\u00e9\u00e9e en 2018, afin d\u2019\u0153uvrer \u00e0 la dynamisation du secteur de la Construction, la CERC souhaite permettre aux acteurs et aux partenaires de la fili\u00e8re de b\u00e9n\u00e9ficier d\u2019une meilleure connaissance du secteur \u00e0 l\u2019\u00e9chelle de la Martinique. Aussi, dans cette premi\u00e8re publication, nous avons souhait\u00e9 dresser un \u00e9tat des lieux de l\u2019\u00e9volution du secteur de [&hellip;]<\/p>\n","protected":false},"author":1,"featured_media":0,"comment_status":"closed","ping_status":"closed","sticky":false,"template":"","format":"standard","meta":{"footnotes":""},"categories":[3],"tags":[2],"class_list":["post-91","post","type-post","status-publish","format-standard","hentry","category-publications","tag-no-thumb"],"yoast_head":"<!-- This site is optimized with the Yoast SEO plugin v24.0 - https:\/\/yoast.com\/wordpress\/plugins\/seo\/ -->\n<title>La Construction en Martinique : 10 ans de conjoncture - Cerc Martinique<\/title>\n<meta name=\"robots\" content=\"index, follow, max-snippet:-1, max-image-preview:large, max-video-preview:-1\" \/>\n<link rel=\"canonical\" href=\"https:\/\/www.cerc-mq.fr\/index.php\/2019\/04\/17\/la_construction_en_martinique_10_ans_de_conjoncture\/\" \/>\n<meta property=\"og:locale\" content=\"fr_FR\" \/>\n<meta property=\"og:type\" content=\"article\" \/>\n<meta property=\"og:title\" content=\"La Construction en Martinique : 10 ans de conjoncture - Cerc Martinique\" \/>\n<meta property=\"og:description\" content=\"Cr\u00e9\u00e9e en 2018, afin d\u2019\u0153uvrer \u00e0 la dynamisation du secteur de la Construction, la CERC souhaite permettre aux acteurs et aux partenaires de la fili\u00e8re de b\u00e9n\u00e9ficier d\u2019une meilleure connaissance du secteur \u00e0 l\u2019\u00e9chelle de la Martinique. Aussi, dans cette premi\u00e8re publication, nous avons souhait\u00e9 dresser un \u00e9tat des lieux de l\u2019\u00e9volution du secteur de [&hellip;]\" \/>\n<meta property=\"og:url\" content=\"https:\/\/www.cerc-mq.fr\/index.php\/2019\/04\/17\/la_construction_en_martinique_10_ans_de_conjoncture\/\" \/>\n<meta property=\"og:site_name\" content=\"Cerc Martinique\" \/>\n<meta property=\"article:published_time\" content=\"2019-04-17T13:00:24+00:00\" \/>\n<meta name=\"author\" content=\"admin7953\" \/>\n<meta name=\"twitter:card\" content=\"summary_large_image\" \/>\n<meta name=\"twitter:label1\" content=\"\u00c9crit par\" \/>\n\t<meta name=\"twitter:data1\" content=\"admin7953\" \/>\n\t<meta name=\"twitter:label2\" content=\"Dur\u00e9e de lecture estim\u00e9e\" \/>\n\t<meta name=\"twitter:data2\" content=\"1 minute\" \/>\n<script type=\"application\/ld+json\" class=\"yoast-schema-graph\">{\"@context\":\"https:\/\/schema.org\",\"@graph\":[{\"@type\":\"WebPage\",\"@id\":\"https:\/\/www.cerc-mq.fr\/index.php\/2019\/04\/17\/la_construction_en_martinique_10_ans_de_conjoncture\/\",\"url\":\"https:\/\/www.cerc-mq.fr\/index.php\/2019\/04\/17\/la_construction_en_martinique_10_ans_de_conjoncture\/\",\"name\":\"La Construction en Martinique : 10 ans de conjoncture - Cerc Martinique\",\"isPartOf\":{\"@id\":\"https:\/\/www.cerc-mq.fr\/#website\"},\"datePublished\":\"2019-04-17T13:00:24+00:00\",\"dateModified\":\"2019-04-17T13:00:24+00:00\",\"author\":{\"@id\":\"https:\/\/www.cerc-mq.fr\/#\/schema\/person\/58ad1e4df5389880d31ca8b042eec47e\"},\"breadcrumb\":{\"@id\":\"https:\/\/www.cerc-mq.fr\/index.php\/2019\/04\/17\/la_construction_en_martinique_10_ans_de_conjoncture\/#breadcrumb\"},\"inLanguage\":\"fr-FR\",\"potentialAction\":[{\"@type\":\"ReadAction\",\"target\":[\"https:\/\/www.cerc-mq.fr\/index.php\/2019\/04\/17\/la_construction_en_martinique_10_ans_de_conjoncture\/\"]}]},{\"@type\":\"BreadcrumbList\",\"@id\":\"https:\/\/www.cerc-mq.fr\/index.php\/2019\/04\/17\/la_construction_en_martinique_10_ans_de_conjoncture\/#breadcrumb\",\"itemListElement\":[{\"@type\":\"ListItem\",\"position\":1,\"name\":\"Accueil\",\"item\":\"https:\/\/www.cerc-mq.fr\/\"},{\"@type\":\"ListItem\",\"position\":2,\"name\":\"La Construction en Martinique : 10 ans de conjoncture\"}]},{\"@type\":\"WebSite\",\"@id\":\"https:\/\/www.cerc-mq.fr\/#website\",\"url\":\"https:\/\/www.cerc-mq.fr\/\",\"name\":\"Cerc Martinique\",\"description\":\"Cellule \u00c9conomique R\u00e9gional de la Martinique\",\"potentialAction\":[{\"@type\":\"SearchAction\",\"target\":{\"@type\":\"EntryPoint\",\"urlTemplate\":\"https:\/\/www.cerc-mq.fr\/?s={search_term_string}\"},\"query-input\":{\"@type\":\"PropertyValueSpecification\",\"valueRequired\":true,\"valueName\":\"search_term_string\"}}],\"inLanguage\":\"fr-FR\"},{\"@type\":\"Person\",\"@id\":\"https:\/\/www.cerc-mq.fr\/#\/schema\/person\/58ad1e4df5389880d31ca8b042eec47e\",\"name\":\"admin7953\",\"image\":{\"@type\":\"ImageObject\",\"inLanguage\":\"fr-FR\",\"@id\":\"https:\/\/www.cerc-mq.fr\/#\/schema\/person\/image\/\",\"url\":\"https:\/\/secure.gravatar.com\/avatar\/b9a18c6c75a26b8fea8c0a02fe647ca4b4cf880219623454a5ca4569002b1c2b?s=96&d=mm&r=g\",\"contentUrl\":\"https:\/\/secure.gravatar.com\/avatar\/b9a18c6c75a26b8fea8c0a02fe647ca4b4cf880219623454a5ca4569002b1c2b?s=96&d=mm&r=g\",\"caption\":\"admin7953\"},\"sameAs\":[\"http:\/\/www.cerc-mq.fr\"],\"url\":\"https:\/\/www.cerc-mq.fr\/index.php\/author\/admin7953\/\"}]}<\/script>\n<!-- \/ Yoast SEO plugin. -->","yoast_head_json":{"title":"La Construction en Martinique : 10 ans de conjoncture - Cerc Martinique","robots":{"index":"index","follow":"follow","max-snippet":"max-snippet:-1","max-image-preview":"max-image-preview:large","max-video-preview":"max-video-preview:-1"},"canonical":"https:\/\/www.cerc-mq.fr\/index.php\/2019\/04\/17\/la_construction_en_martinique_10_ans_de_conjoncture\/","og_locale":"fr_FR","og_type":"article","og_title":"La Construction en Martinique : 10 ans de conjoncture - Cerc Martinique","og_description":"Cr\u00e9\u00e9e en 2018, afin d\u2019\u0153uvrer \u00e0 la dynamisation du secteur de la Construction, la CERC souhaite permettre aux acteurs et aux partenaires de la fili\u00e8re de b\u00e9n\u00e9ficier d\u2019une meilleure connaissance du secteur \u00e0 l\u2019\u00e9chelle de la Martinique. Aussi, dans cette premi\u00e8re publication, nous avons souhait\u00e9 dresser un \u00e9tat des lieux de l\u2019\u00e9volution du secteur de [&hellip;]","og_url":"https:\/\/www.cerc-mq.fr\/index.php\/2019\/04\/17\/la_construction_en_martinique_10_ans_de_conjoncture\/","og_site_name":"Cerc Martinique","article_published_time":"2019-04-17T13:00:24+00:00","author":"admin7953","twitter_card":"summary_large_image","twitter_misc":{"\u00c9crit par":"admin7953","Dur\u00e9e de lecture estim\u00e9e":"1 minute"},"schema":{"@context":"https:\/\/schema.org","@graph":[{"@type":"WebPage","@id":"https:\/\/www.cerc-mq.fr\/index.php\/2019\/04\/17\/la_construction_en_martinique_10_ans_de_conjoncture\/","url":"https:\/\/www.cerc-mq.fr\/index.php\/2019\/04\/17\/la_construction_en_martinique_10_ans_de_conjoncture\/","name":"La Construction en Martinique : 10 ans de conjoncture - Cerc Martinique","isPartOf":{"@id":"https:\/\/www.cerc-mq.fr\/#website"},"datePublished":"2019-04-17T13:00:24+00:00","dateModified":"2019-04-17T13:00:24+00:00","author":{"@id":"https:\/\/www.cerc-mq.fr\/#\/schema\/person\/58ad1e4df5389880d31ca8b042eec47e"},"breadcrumb":{"@id":"https:\/\/www.cerc-mq.fr\/index.php\/2019\/04\/17\/la_construction_en_martinique_10_ans_de_conjoncture\/#breadcrumb"},"inLanguage":"fr-FR","potentialAction":[{"@type":"ReadAction","target":["https:\/\/www.cerc-mq.fr\/index.php\/2019\/04\/17\/la_construction_en_martinique_10_ans_de_conjoncture\/"]}]},{"@type":"BreadcrumbList","@id":"https:\/\/www.cerc-mq.fr\/index.php\/2019\/04\/17\/la_construction_en_martinique_10_ans_de_conjoncture\/#breadcrumb","itemListElement":[{"@type":"ListItem","position":1,"name":"Accueil","item":"https:\/\/www.cerc-mq.fr\/"},{"@type":"ListItem","position":2,"name":"La Construction en Martinique : 10 ans de conjoncture"}]},{"@type":"WebSite","@id":"https:\/\/www.cerc-mq.fr\/#website","url":"https:\/\/www.cerc-mq.fr\/","name":"Cerc Martinique","description":"Cellule \u00c9conomique R\u00e9gional de la Martinique","potentialAction":[{"@type":"SearchAction","target":{"@type":"EntryPoint","urlTemplate":"https:\/\/www.cerc-mq.fr\/?s={search_term_string}"},"query-input":{"@type":"PropertyValueSpecification","valueRequired":true,"valueName":"search_term_string"}}],"inLanguage":"fr-FR"},{"@type":"Person","@id":"https:\/\/www.cerc-mq.fr\/#\/schema\/person\/58ad1e4df5389880d31ca8b042eec47e","name":"admin7953","image":{"@type":"ImageObject","inLanguage":"fr-FR","@id":"https:\/\/www.cerc-mq.fr\/#\/schema\/person\/image\/","url":"https:\/\/secure.gravatar.com\/avatar\/b9a18c6c75a26b8fea8c0a02fe647ca4b4cf880219623454a5ca4569002b1c2b?s=96&d=mm&r=g","contentUrl":"https:\/\/secure.gravatar.com\/avatar\/b9a18c6c75a26b8fea8c0a02fe647ca4b4cf880219623454a5ca4569002b1c2b?s=96&d=mm&r=g","caption":"admin7953"},"sameAs":["http:\/\/www.cerc-mq.fr"],"url":"https:\/\/www.cerc-mq.fr\/index.php\/author\/admin7953\/"}]}},"_links":{"self":[{"href":"https:\/\/www.cerc-mq.fr\/index.php\/wp-json\/wp\/v2\/posts\/91","targetHints":{"allow":["GET"]}}],"collection":[{"href":"https:\/\/www.cerc-mq.fr\/index.php\/wp-json\/wp\/v2\/posts"}],"about":[{"href":"https:\/\/www.cerc-mq.fr\/index.php\/wp-json\/wp\/v2\/types\/post"}],"author":[{"embeddable":true,"href":"https:\/\/www.cerc-mq.fr\/index.php\/wp-json\/wp\/v2\/users\/1"}],"replies":[{"embeddable":true,"href":"https:\/\/www.cerc-mq.fr\/index.php\/wp-json\/wp\/v2\/comments?post=91"}],"version-history":[{"count":0,"href":"https:\/\/www.cerc-mq.fr\/index.php\/wp-json\/wp\/v2\/posts\/91\/revisions"}],"wp:attachment":[{"href":"https:\/\/www.cerc-mq.fr\/index.php\/wp-json\/wp\/v2\/media?parent=91"}],"wp:term":[{"taxonomy":"category","embeddable":true,"href":"https:\/\/www.cerc-mq.fr\/index.php\/wp-json\/wp\/v2\/categories?post=91"},{"taxonomy":"post_tag","embeddable":true,"href":"https:\/\/www.cerc-mq.fr\/index.php\/wp-json\/wp\/v2\/tags?post=91"}],"curies":[{"name":"wp","href":"https:\/\/api.w.org\/{rel}","templated":true}]}}