{"id":7825,"date":"2021-08-24T13:27:57","date_gmt":"2021-08-24T17:27:57","guid":{"rendered":"https:\/\/www.cerc-martinique.fr\/?p=7825"},"modified":"2021-08-24T13:27:57","modified_gmt":"2021-08-24T17:27:57","slug":"manifeste-des-acteurs-du-btp-2021-2028","status":"publish","type":"post","link":"https:\/\/www.cerc-mq.fr\/index.php\/2021\/08\/24\/manifeste-des-acteurs-du-btp-2021-2028\/","title":{"rendered":"Manifeste des acteurs du BTP 2021-2028"},"content":{"rendered":"<p>Au cours du mois de mai, la CERC a r\u00e9uni les acteurs du BTP afin d&rsquo;\u00e9changer autour des probl\u00e9matiques du secteur, en vue d&rsquo;adresser leurs propositions aux candidats \u00e0 la CTM.<\/p>\n<p>Six th\u00e9matiques ont \u00e9merg\u00e9 :<\/p>\n<p>1. Mise en \u0153uvre de mesures financi\u00e8res de sauvegarde<br \/>\n2. R\u00e9organisation des proc\u00e9dures administratives<br \/>\n3. Dialogue entre \u00e9lus et acteurs \u00e9conomiques au travers d\u2019espaces de concertation<br \/>\n4. Actions en faveur de la formation et de l\u2019emploi<br \/>\n5. Am\u00e9nagement du territoire<br \/>\n6. Perspectives \u2013 chantiers \u00e0 lancer \u00e0 court et moyen terme<\/p>\n<p>Des rencontres ont eu lieu avec les t\u00eates de listes entre le 25 mai et le 15 juin 2021.<\/p>\n<p>Ce manifeste constitue un point d&rsquo;\u00e9tape sur les attentes des professionnels du secteur et a vocation \u00e0 alimenter les r\u00e9flexions, afin que soit men\u00e9e une politique adapt\u00e9e aux entreprises et \u00e0 la fili\u00e8re de la Construction, au cours de la mandature 2021-2028.<\/p>\n<p>L&rsquo;ensemble des candidats a \u00e9t\u00e9 convi\u00e9 individuellement \u00e0 la pr\u00e9sentation de ce document. La CERC remercie toutes celles et ceux ayant pu assister \u00e0 l&rsquo;expos\u00e9 des priorit\u00e9s du secteur.<\/p>\n<p>Pour acc\u00e9der au manifeste, merci de consulter le lien ci-dessous :<\/p>\n<p><a href=\"https:\/\/www.cerc-martinique.fr\/wp-content\/uploads\/2021\/08\/Manifeste-des-acteurs-du-BTP-VFinale_24082021.pdf\">Manifeste des acteurs du BTP 2021-2028<\/a><\/p>\n<p>&nbsp;<\/p>\n","protected":false},"excerpt":{"rendered":"<p>Au cours du mois de mai, la CERC a r\u00e9uni les acteurs du BTP afin d&rsquo;\u00e9changer autour des probl\u00e9matiques du secteur, en vue d&rsquo;adresser leurs propositions aux candidats \u00e0 la CTM. Six th\u00e9matiques ont \u00e9merg\u00e9 : 1. Mise en \u0153uvre de mesures financi\u00e8res de sauvegarde 2. R\u00e9organisation des proc\u00e9dures administratives 3. Dialogue entre \u00e9lus et [&hellip;]<\/p>\n","protected":false},"author":1,"featured_media":0,"comment_status":"open","ping_status":"open","sticky":false,"template":"","format":"standard","meta":{"footnotes":""},"categories":[4,3],"tags":[],"class_list":["post-7825","post","type-post","status-publish","format-standard","hentry","category-actualites","category-publications"],"yoast_head":"<!-- This site is optimized with the Yoast SEO plugin v24.0 - https:\/\/yoast.com\/wordpress\/plugins\/seo\/ -->\n<title>Manifeste des acteurs du BTP 2021-2028 - Cerc Martinique<\/title>\n<meta name=\"robots\" content=\"index, follow, max-snippet:-1, max-image-preview:large, max-video-preview:-1\" \/>\n<link rel=\"canonical\" href=\"https:\/\/www.cerc-mq.fr\/index.php\/2021\/08\/24\/manifeste-des-acteurs-du-btp-2021-2028\/\" \/>\n<meta property=\"og:locale\" content=\"fr_FR\" \/>\n<meta property=\"og:type\" content=\"article\" \/>\n<meta property=\"og:title\" content=\"Manifeste des acteurs du BTP 2021-2028 - Cerc Martinique\" \/>\n<meta property=\"og:description\" content=\"Au cours du mois de mai, la CERC a r\u00e9uni les acteurs du BTP afin d&#039;\u00e9changer autour des probl\u00e9matiques du secteur, en vue d&#039;adresser leurs propositions aux candidats \u00e0 la CTM. Six th\u00e9matiques ont \u00e9merg\u00e9 : 1. Mise en \u0153uvre de mesures financi\u00e8res de sauvegarde 2. R\u00e9organisation des proc\u00e9dures administratives 3. Dialogue entre \u00e9lus et [&hellip;]\" \/>\n<meta property=\"og:url\" content=\"https:\/\/www.cerc-mq.fr\/index.php\/2021\/08\/24\/manifeste-des-acteurs-du-btp-2021-2028\/\" \/>\n<meta property=\"og:site_name\" content=\"Cerc Martinique\" \/>\n<meta property=\"article:published_time\" content=\"2021-08-24T17:27:57+00:00\" \/>\n<meta name=\"author\" content=\"admin7953\" \/>\n<meta name=\"twitter:card\" content=\"summary_large_image\" \/>\n<meta name=\"twitter:label1\" content=\"\u00c9crit par\" \/>\n\t<meta name=\"twitter:data1\" content=\"admin7953\" \/>\n\t<meta name=\"twitter:label2\" content=\"Dur\u00e9e de lecture estim\u00e9e\" \/>\n\t<meta name=\"twitter:data2\" content=\"1 minute\" \/>\n<script type=\"application\/ld+json\" class=\"yoast-schema-graph\">{\"@context\":\"https:\/\/schema.org\",\"@graph\":[{\"@type\":\"WebPage\",\"@id\":\"https:\/\/www.cerc-mq.fr\/index.php\/2021\/08\/24\/manifeste-des-acteurs-du-btp-2021-2028\/\",\"url\":\"https:\/\/www.cerc-mq.fr\/index.php\/2021\/08\/24\/manifeste-des-acteurs-du-btp-2021-2028\/\",\"name\":\"Manifeste des acteurs du BTP 2021-2028 - Cerc Martinique\",\"isPartOf\":{\"@id\":\"https:\/\/www.cerc-mq.fr\/#website\"},\"datePublished\":\"2021-08-24T17:27:57+00:00\",\"dateModified\":\"2021-08-24T17:27:57+00:00\",\"author\":{\"@id\":\"https:\/\/www.cerc-mq.fr\/#\/schema\/person\/58ad1e4df5389880d31ca8b042eec47e\"},\"breadcrumb\":{\"@id\":\"https:\/\/www.cerc-mq.fr\/index.php\/2021\/08\/24\/manifeste-des-acteurs-du-btp-2021-2028\/#breadcrumb\"},\"inLanguage\":\"fr-FR\",\"potentialAction\":[{\"@type\":\"ReadAction\",\"target\":[\"https:\/\/www.cerc-mq.fr\/index.php\/2021\/08\/24\/manifeste-des-acteurs-du-btp-2021-2028\/\"]}]},{\"@type\":\"BreadcrumbList\",\"@id\":\"https:\/\/www.cerc-mq.fr\/index.php\/2021\/08\/24\/manifeste-des-acteurs-du-btp-2021-2028\/#breadcrumb\",\"itemListElement\":[{\"@type\":\"ListItem\",\"position\":1,\"name\":\"Accueil\",\"item\":\"https:\/\/www.cerc-mq.fr\/\"},{\"@type\":\"ListItem\",\"position\":2,\"name\":\"Manifeste des acteurs du BTP 2021-2028\"}]},{\"@type\":\"WebSite\",\"@id\":\"https:\/\/www.cerc-mq.fr\/#website\",\"url\":\"https:\/\/www.cerc-mq.fr\/\",\"name\":\"Cerc Martinique\",\"description\":\"Cellule \u00c9conomique R\u00e9gional de la Martinique\",\"potentialAction\":[{\"@type\":\"SearchAction\",\"target\":{\"@type\":\"EntryPoint\",\"urlTemplate\":\"https:\/\/www.cerc-mq.fr\/?s={search_term_string}\"},\"query-input\":{\"@type\":\"PropertyValueSpecification\",\"valueRequired\":true,\"valueName\":\"search_term_string\"}}],\"inLanguage\":\"fr-FR\"},{\"@type\":\"Person\",\"@id\":\"https:\/\/www.cerc-mq.fr\/#\/schema\/person\/58ad1e4df5389880d31ca8b042eec47e\",\"name\":\"admin7953\",\"image\":{\"@type\":\"ImageObject\",\"inLanguage\":\"fr-FR\",\"@id\":\"https:\/\/www.cerc-mq.fr\/#\/schema\/person\/image\/\",\"url\":\"https:\/\/secure.gravatar.com\/avatar\/b9a18c6c75a26b8fea8c0a02fe647ca4b4cf880219623454a5ca4569002b1c2b?s=96&d=mm&r=g\",\"contentUrl\":\"https:\/\/secure.gravatar.com\/avatar\/b9a18c6c75a26b8fea8c0a02fe647ca4b4cf880219623454a5ca4569002b1c2b?s=96&d=mm&r=g\",\"caption\":\"admin7953\"},\"sameAs\":[\"http:\/\/www.cerc-mq.fr\"],\"url\":\"https:\/\/www.cerc-mq.fr\/index.php\/author\/admin7953\/\"}]}<\/script>\n<!-- \/ Yoast SEO plugin. -->","yoast_head_json":{"title":"Manifeste des acteurs du BTP 2021-2028 - Cerc Martinique","robots":{"index":"index","follow":"follow","max-snippet":"max-snippet:-1","max-image-preview":"max-image-preview:large","max-video-preview":"max-video-preview:-1"},"canonical":"https:\/\/www.cerc-mq.fr\/index.php\/2021\/08\/24\/manifeste-des-acteurs-du-btp-2021-2028\/","og_locale":"fr_FR","og_type":"article","og_title":"Manifeste des acteurs du BTP 2021-2028 - Cerc Martinique","og_description":"Au cours du mois de mai, la CERC a r\u00e9uni les acteurs du BTP afin d'\u00e9changer autour des probl\u00e9matiques du secteur, en vue d'adresser leurs propositions aux candidats \u00e0 la CTM. Six th\u00e9matiques ont \u00e9merg\u00e9 : 1. Mise en \u0153uvre de mesures financi\u00e8res de sauvegarde 2. R\u00e9organisation des proc\u00e9dures administratives 3. Dialogue entre \u00e9lus et [&hellip;]","og_url":"https:\/\/www.cerc-mq.fr\/index.php\/2021\/08\/24\/manifeste-des-acteurs-du-btp-2021-2028\/","og_site_name":"Cerc Martinique","article_published_time":"2021-08-24T17:27:57+00:00","author":"admin7953","twitter_card":"summary_large_image","twitter_misc":{"\u00c9crit par":"admin7953","Dur\u00e9e de lecture estim\u00e9e":"1 minute"},"schema":{"@context":"https:\/\/schema.org","@graph":[{"@type":"WebPage","@id":"https:\/\/www.cerc-mq.fr\/index.php\/2021\/08\/24\/manifeste-des-acteurs-du-btp-2021-2028\/","url":"https:\/\/www.cerc-mq.fr\/index.php\/2021\/08\/24\/manifeste-des-acteurs-du-btp-2021-2028\/","name":"Manifeste des acteurs du BTP 2021-2028 - Cerc Martinique","isPartOf":{"@id":"https:\/\/www.cerc-mq.fr\/#website"},"datePublished":"2021-08-24T17:27:57+00:00","dateModified":"2021-08-24T17:27:57+00:00","author":{"@id":"https:\/\/www.cerc-mq.fr\/#\/schema\/person\/58ad1e4df5389880d31ca8b042eec47e"},"breadcrumb":{"@id":"https:\/\/www.cerc-mq.fr\/index.php\/2021\/08\/24\/manifeste-des-acteurs-du-btp-2021-2028\/#breadcrumb"},"inLanguage":"fr-FR","potentialAction":[{"@type":"ReadAction","target":["https:\/\/www.cerc-mq.fr\/index.php\/2021\/08\/24\/manifeste-des-acteurs-du-btp-2021-2028\/"]}]},{"@type":"BreadcrumbList","@id":"https:\/\/www.cerc-mq.fr\/index.php\/2021\/08\/24\/manifeste-des-acteurs-du-btp-2021-2028\/#breadcrumb","itemListElement":[{"@type":"ListItem","position":1,"name":"Accueil","item":"https:\/\/www.cerc-mq.fr\/"},{"@type":"ListItem","position":2,"name":"Manifeste des acteurs du BTP 2021-2028"}]},{"@type":"WebSite","@id":"https:\/\/www.cerc-mq.fr\/#website","url":"https:\/\/www.cerc-mq.fr\/","name":"Cerc Martinique","description":"Cellule \u00c9conomique R\u00e9gional de la Martinique","potentialAction":[{"@type":"SearchAction","target":{"@type":"EntryPoint","urlTemplate":"https:\/\/www.cerc-mq.fr\/?s={search_term_string}"},"query-input":{"@type":"PropertyValueSpecification","valueRequired":true,"valueName":"search_term_string"}}],"inLanguage":"fr-FR"},{"@type":"Person","@id":"https:\/\/www.cerc-mq.fr\/#\/schema\/person\/58ad1e4df5389880d31ca8b042eec47e","name":"admin7953","image":{"@type":"ImageObject","inLanguage":"fr-FR","@id":"https:\/\/www.cerc-mq.fr\/#\/schema\/person\/image\/","url":"https:\/\/secure.gravatar.com\/avatar\/b9a18c6c75a26b8fea8c0a02fe647ca4b4cf880219623454a5ca4569002b1c2b?s=96&d=mm&r=g","contentUrl":"https:\/\/secure.gravatar.com\/avatar\/b9a18c6c75a26b8fea8c0a02fe647ca4b4cf880219623454a5ca4569002b1c2b?s=96&d=mm&r=g","caption":"admin7953"},"sameAs":["http:\/\/www.cerc-mq.fr"],"url":"https:\/\/www.cerc-mq.fr\/index.php\/author\/admin7953\/"}]}},"_links":{"self":[{"href":"https:\/\/www.cerc-mq.fr\/index.php\/wp-json\/wp\/v2\/posts\/7825","targetHints":{"allow":["GET"]}}],"collection":[{"href":"https:\/\/www.cerc-mq.fr\/index.php\/wp-json\/wp\/v2\/posts"}],"about":[{"href":"https:\/\/www.cerc-mq.fr\/index.php\/wp-json\/wp\/v2\/types\/post"}],"author":[{"embeddable":true,"href":"https:\/\/www.cerc-mq.fr\/index.php\/wp-json\/wp\/v2\/users\/1"}],"replies":[{"embeddable":true,"href":"https:\/\/www.cerc-mq.fr\/index.php\/wp-json\/wp\/v2\/comments?post=7825"}],"version-history":[{"count":0,"href":"https:\/\/www.cerc-mq.fr\/index.php\/wp-json\/wp\/v2\/posts\/7825\/revisions"}],"wp:attachment":[{"href":"https:\/\/www.cerc-mq.fr\/index.php\/wp-json\/wp\/v2\/media?parent=7825"}],"wp:term":[{"taxonomy":"category","embeddable":true,"href":"https:\/\/www.cerc-mq.fr\/index.php\/wp-json\/wp\/v2\/categories?post=7825"},{"taxonomy":"post_tag","embeddable":true,"href":"https:\/\/www.cerc-mq.fr\/index.php\/wp-json\/wp\/v2\/tags?post=7825"}],"curies":[{"name":"wp","href":"https:\/\/api.w.org\/{rel}","templated":true}]}}