{"id":5930,"date":"2021-03-30T19:34:17","date_gmt":"2021-03-30T23:34:17","guid":{"rendered":"https:\/\/www.cerc-martinique.fr\/?p=5930"},"modified":"2021-03-30T19:34:17","modified_gmt":"2021-03-30T23:34:17","slug":"simar-280-millions-deuros-de-depenses-dinvestissement-2021-23","status":"publish","type":"post","link":"https:\/\/www.cerc-mq.fr\/index.php\/2021\/03\/30\/simar-280-millions-deuros-de-depenses-dinvestissement-2021-23\/","title":{"rendered":"SIMAR : 280 millions d\u2019euros de d\u00e9penses d\u2019investissement 2021-23"},"content":{"rendered":"<p>La SIMAR poursuit son d\u00e9veloppement : 280 millions d&rsquo;euros de d\u00e9penses d&rsquo;investissement sont pr\u00e9vues dans les 3 prochaines ann\u00e9es (2021-2023).<\/p>\n<p>&nbsp;<\/p>\n<p>Pour en savoir plus :<\/p>\n<p><a href=\"https:\/\/www.cerc-martinique.fr\/wp-content\/uploads\/2021\/04\/SIMAR_Communication-30032021.pdf\">SIMAR_Communication 30032021<\/a><\/p>\n<p>&nbsp;<\/p>\n","protected":false},"excerpt":{"rendered":"<p>La SIMAR poursuit son d\u00e9veloppement : 280 millions d&rsquo;euros de d\u00e9penses d&rsquo;investissement sont pr\u00e9vues dans les 3 prochaines ann\u00e9es (2021-2023). &nbsp; Pour en savoir plus : SIMAR_Communication 30032021 &nbsp;<\/p>\n","protected":false},"author":1,"featured_media":0,"comment_status":"open","ping_status":"open","sticky":false,"template":"","format":"standard","meta":{"footnotes":""},"categories":[4],"tags":[],"class_list":["post-5930","post","type-post","status-publish","format-standard","hentry","category-actualites"],"yoast_head":"<!-- This site is optimized with the Yoast SEO plugin v24.0 - https:\/\/yoast.com\/wordpress\/plugins\/seo\/ -->\n<title>SIMAR : 280 millions d\u2019euros de d\u00e9penses d\u2019investissement 2021-23 - Cerc Martinique<\/title>\n<meta name=\"robots\" content=\"index, follow, max-snippet:-1, max-image-preview:large, max-video-preview:-1\" \/>\n<link rel=\"canonical\" href=\"https:\/\/www.cerc-mq.fr\/index.php\/2021\/03\/30\/simar-280-millions-deuros-de-depenses-dinvestissement-2021-23\/\" \/>\n<meta property=\"og:locale\" content=\"fr_FR\" \/>\n<meta property=\"og:type\" content=\"article\" \/>\n<meta property=\"og:title\" content=\"SIMAR : 280 millions d\u2019euros de d\u00e9penses d\u2019investissement 2021-23 - Cerc Martinique\" \/>\n<meta property=\"og:description\" content=\"La SIMAR poursuit son d\u00e9veloppement : 280 millions d&#039;euros de d\u00e9penses d&#039;investissement sont pr\u00e9vues dans les 3 prochaines ann\u00e9es (2021-2023). &nbsp; Pour en savoir plus : SIMAR_Communication 30032021 &nbsp;\" \/>\n<meta property=\"og:url\" content=\"https:\/\/www.cerc-mq.fr\/index.php\/2021\/03\/30\/simar-280-millions-deuros-de-depenses-dinvestissement-2021-23\/\" \/>\n<meta property=\"og:site_name\" content=\"Cerc Martinique\" \/>\n<meta property=\"article:published_time\" content=\"2021-03-30T23:34:17+00:00\" \/>\n<meta name=\"author\" content=\"admin7953\" \/>\n<meta name=\"twitter:card\" content=\"summary_large_image\" \/>\n<meta name=\"twitter:label1\" content=\"\u00c9crit par\" \/>\n\t<meta name=\"twitter:data1\" content=\"admin7953\" \/>\n\t<meta name=\"twitter:label2\" content=\"Dur\u00e9e de lecture estim\u00e9e\" \/>\n\t<meta name=\"twitter:data2\" content=\"1 minute\" \/>\n<script type=\"application\/ld+json\" class=\"yoast-schema-graph\">{\"@context\":\"https:\/\/schema.org\",\"@graph\":[{\"@type\":\"WebPage\",\"@id\":\"https:\/\/www.cerc-mq.fr\/index.php\/2021\/03\/30\/simar-280-millions-deuros-de-depenses-dinvestissement-2021-23\/\",\"url\":\"https:\/\/www.cerc-mq.fr\/index.php\/2021\/03\/30\/simar-280-millions-deuros-de-depenses-dinvestissement-2021-23\/\",\"name\":\"SIMAR : 280 millions d\u2019euros de d\u00e9penses d\u2019investissement 2021-23 - Cerc Martinique\",\"isPartOf\":{\"@id\":\"https:\/\/www.cerc-mq.fr\/#website\"},\"datePublished\":\"2021-03-30T23:34:17+00:00\",\"dateModified\":\"2021-03-30T23:34:17+00:00\",\"author\":{\"@id\":\"https:\/\/www.cerc-mq.fr\/#\/schema\/person\/58ad1e4df5389880d31ca8b042eec47e\"},\"breadcrumb\":{\"@id\":\"https:\/\/www.cerc-mq.fr\/index.php\/2021\/03\/30\/simar-280-millions-deuros-de-depenses-dinvestissement-2021-23\/#breadcrumb\"},\"inLanguage\":\"fr-FR\",\"potentialAction\":[{\"@type\":\"ReadAction\",\"target\":[\"https:\/\/www.cerc-mq.fr\/index.php\/2021\/03\/30\/simar-280-millions-deuros-de-depenses-dinvestissement-2021-23\/\"]}]},{\"@type\":\"BreadcrumbList\",\"@id\":\"https:\/\/www.cerc-mq.fr\/index.php\/2021\/03\/30\/simar-280-millions-deuros-de-depenses-dinvestissement-2021-23\/#breadcrumb\",\"itemListElement\":[{\"@type\":\"ListItem\",\"position\":1,\"name\":\"Accueil\",\"item\":\"https:\/\/www.cerc-mq.fr\/\"},{\"@type\":\"ListItem\",\"position\":2,\"name\":\"SIMAR : 280 millions d\u2019euros de d\u00e9penses d\u2019investissement 2021-23\"}]},{\"@type\":\"WebSite\",\"@id\":\"https:\/\/www.cerc-mq.fr\/#website\",\"url\":\"https:\/\/www.cerc-mq.fr\/\",\"name\":\"Cerc Martinique\",\"description\":\"Cellule \u00c9conomique R\u00e9gional de la Martinique\",\"potentialAction\":[{\"@type\":\"SearchAction\",\"target\":{\"@type\":\"EntryPoint\",\"urlTemplate\":\"https:\/\/www.cerc-mq.fr\/?s={search_term_string}\"},\"query-input\":{\"@type\":\"PropertyValueSpecification\",\"valueRequired\":true,\"valueName\":\"search_term_string\"}}],\"inLanguage\":\"fr-FR\"},{\"@type\":\"Person\",\"@id\":\"https:\/\/www.cerc-mq.fr\/#\/schema\/person\/58ad1e4df5389880d31ca8b042eec47e\",\"name\":\"admin7953\",\"image\":{\"@type\":\"ImageObject\",\"inLanguage\":\"fr-FR\",\"@id\":\"https:\/\/www.cerc-mq.fr\/#\/schema\/person\/image\/\",\"url\":\"https:\/\/secure.gravatar.com\/avatar\/b9a18c6c75a26b8fea8c0a02fe647ca4b4cf880219623454a5ca4569002b1c2b?s=96&d=mm&r=g\",\"contentUrl\":\"https:\/\/secure.gravatar.com\/avatar\/b9a18c6c75a26b8fea8c0a02fe647ca4b4cf880219623454a5ca4569002b1c2b?s=96&d=mm&r=g\",\"caption\":\"admin7953\"},\"sameAs\":[\"http:\/\/www.cerc-mq.fr\"],\"url\":\"https:\/\/www.cerc-mq.fr\/index.php\/author\/admin7953\/\"}]}<\/script>\n<!-- \/ Yoast SEO plugin. -->","yoast_head_json":{"title":"SIMAR : 280 millions d\u2019euros de d\u00e9penses d\u2019investissement 2021-23 - Cerc Martinique","robots":{"index":"index","follow":"follow","max-snippet":"max-snippet:-1","max-image-preview":"max-image-preview:large","max-video-preview":"max-video-preview:-1"},"canonical":"https:\/\/www.cerc-mq.fr\/index.php\/2021\/03\/30\/simar-280-millions-deuros-de-depenses-dinvestissement-2021-23\/","og_locale":"fr_FR","og_type":"article","og_title":"SIMAR : 280 millions d\u2019euros de d\u00e9penses d\u2019investissement 2021-23 - Cerc Martinique","og_description":"La SIMAR poursuit son d\u00e9veloppement : 280 millions d'euros de d\u00e9penses d'investissement sont pr\u00e9vues dans les 3 prochaines ann\u00e9es (2021-2023). &nbsp; Pour en savoir plus : SIMAR_Communication 30032021 &nbsp;","og_url":"https:\/\/www.cerc-mq.fr\/index.php\/2021\/03\/30\/simar-280-millions-deuros-de-depenses-dinvestissement-2021-23\/","og_site_name":"Cerc Martinique","article_published_time":"2021-03-30T23:34:17+00:00","author":"admin7953","twitter_card":"summary_large_image","twitter_misc":{"\u00c9crit par":"admin7953","Dur\u00e9e de lecture estim\u00e9e":"1 minute"},"schema":{"@context":"https:\/\/schema.org","@graph":[{"@type":"WebPage","@id":"https:\/\/www.cerc-mq.fr\/index.php\/2021\/03\/30\/simar-280-millions-deuros-de-depenses-dinvestissement-2021-23\/","url":"https:\/\/www.cerc-mq.fr\/index.php\/2021\/03\/30\/simar-280-millions-deuros-de-depenses-dinvestissement-2021-23\/","name":"SIMAR : 280 millions d\u2019euros de d\u00e9penses d\u2019investissement 2021-23 - Cerc Martinique","isPartOf":{"@id":"https:\/\/www.cerc-mq.fr\/#website"},"datePublished":"2021-03-30T23:34:17+00:00","dateModified":"2021-03-30T23:34:17+00:00","author":{"@id":"https:\/\/www.cerc-mq.fr\/#\/schema\/person\/58ad1e4df5389880d31ca8b042eec47e"},"breadcrumb":{"@id":"https:\/\/www.cerc-mq.fr\/index.php\/2021\/03\/30\/simar-280-millions-deuros-de-depenses-dinvestissement-2021-23\/#breadcrumb"},"inLanguage":"fr-FR","potentialAction":[{"@type":"ReadAction","target":["https:\/\/www.cerc-mq.fr\/index.php\/2021\/03\/30\/simar-280-millions-deuros-de-depenses-dinvestissement-2021-23\/"]}]},{"@type":"BreadcrumbList","@id":"https:\/\/www.cerc-mq.fr\/index.php\/2021\/03\/30\/simar-280-millions-deuros-de-depenses-dinvestissement-2021-23\/#breadcrumb","itemListElement":[{"@type":"ListItem","position":1,"name":"Accueil","item":"https:\/\/www.cerc-mq.fr\/"},{"@type":"ListItem","position":2,"name":"SIMAR : 280 millions d\u2019euros de d\u00e9penses d\u2019investissement 2021-23"}]},{"@type":"WebSite","@id":"https:\/\/www.cerc-mq.fr\/#website","url":"https:\/\/www.cerc-mq.fr\/","name":"Cerc Martinique","description":"Cellule \u00c9conomique R\u00e9gional de la Martinique","potentialAction":[{"@type":"SearchAction","target":{"@type":"EntryPoint","urlTemplate":"https:\/\/www.cerc-mq.fr\/?s={search_term_string}"},"query-input":{"@type":"PropertyValueSpecification","valueRequired":true,"valueName":"search_term_string"}}],"inLanguage":"fr-FR"},{"@type":"Person","@id":"https:\/\/www.cerc-mq.fr\/#\/schema\/person\/58ad1e4df5389880d31ca8b042eec47e","name":"admin7953","image":{"@type":"ImageObject","inLanguage":"fr-FR","@id":"https:\/\/www.cerc-mq.fr\/#\/schema\/person\/image\/","url":"https:\/\/secure.gravatar.com\/avatar\/b9a18c6c75a26b8fea8c0a02fe647ca4b4cf880219623454a5ca4569002b1c2b?s=96&d=mm&r=g","contentUrl":"https:\/\/secure.gravatar.com\/avatar\/b9a18c6c75a26b8fea8c0a02fe647ca4b4cf880219623454a5ca4569002b1c2b?s=96&d=mm&r=g","caption":"admin7953"},"sameAs":["http:\/\/www.cerc-mq.fr"],"url":"https:\/\/www.cerc-mq.fr\/index.php\/author\/admin7953\/"}]}},"_links":{"self":[{"href":"https:\/\/www.cerc-mq.fr\/index.php\/wp-json\/wp\/v2\/posts\/5930","targetHints":{"allow":["GET"]}}],"collection":[{"href":"https:\/\/www.cerc-mq.fr\/index.php\/wp-json\/wp\/v2\/posts"}],"about":[{"href":"https:\/\/www.cerc-mq.fr\/index.php\/wp-json\/wp\/v2\/types\/post"}],"author":[{"embeddable":true,"href":"https:\/\/www.cerc-mq.fr\/index.php\/wp-json\/wp\/v2\/users\/1"}],"replies":[{"embeddable":true,"href":"https:\/\/www.cerc-mq.fr\/index.php\/wp-json\/wp\/v2\/comments?post=5930"}],"version-history":[{"count":0,"href":"https:\/\/www.cerc-mq.fr\/index.php\/wp-json\/wp\/v2\/posts\/5930\/revisions"}],"wp:attachment":[{"href":"https:\/\/www.cerc-mq.fr\/index.php\/wp-json\/wp\/v2\/media?parent=5930"}],"wp:term":[{"taxonomy":"category","embeddable":true,"href":"https:\/\/www.cerc-mq.fr\/index.php\/wp-json\/wp\/v2\/categories?post=5930"},{"taxonomy":"post_tag","embeddable":true,"href":"https:\/\/www.cerc-mq.fr\/index.php\/wp-json\/wp\/v2\/tags?post=5930"}],"curies":[{"name":"wp","href":"https:\/\/api.w.org\/{rel}","templated":true}]}}