{"id":20551,"date":"2023-01-02T13:00:25","date_gmt":"2023-01-02T17:00:25","guid":{"rendered":"https:\/\/www.cerc-martinique.fr\/?p=20551"},"modified":"2024-04-16T15:04:55","modified_gmt":"2024-04-16T13:04:55","slug":"note-de-conjoncture-n10-novembre-2022","status":"publish","type":"post","link":"https:\/\/www.cerc-mq.fr\/index.php\/2023\/01\/02\/note-de-conjoncture-n10-novembre-2022\/","title":{"rendered":"Note de conjoncture\u2013 N\u00b010 \u2013 Novembre 2022"},"content":{"rendered":"<!-- Aucun m\u00e9dia \u00e0 afficher... Quel ennui ! :( -->\n<p>&nbsp;<\/p>\n<p><span class=\"break-words\"><span dir=\"ltr\">Les indicateurs contenus dans cette publication ont \u00e9t\u00e9 actualis\u00e9s jusque fin juin 2022, permettant ainsi un comparatif annuel entre deux p\u00e9riodes de r\u00e9f\u00e9rence (entre juillet 2020-juin 2021 et juillet 2021-juin 2022) ou intertrimestriel (entre le 2nd trimestre 2021 et le 2nd trimestre 2022).<\/span><\/span><\/p>\n<p>En r\u00e9sum\u00e9 :<\/p>\n<p>Entre juillet 2021 et juin 2022, \ud835\udfee\ud835\udfef\ud835\udfec\ud835\udfec \ud835\uddf9\ud835\uddfc\ud835\uddf4\ud835\uddf2\ud835\uddfa\ud835\uddf2\ud835\uddfb\ud835\ude01\ud835\ude00 \ud835\uddfb\ud835\uddf2\ud835\ude02\ud835\uddf3\ud835\ude00 sont mis en chantier, soit une augmentation de 36,1% par rapport \u00e0 la p\u00e9riode allant de juillet 2020 \u00e0 juin 2021 (1700 logements). Ce taux d\u2019\u00e9volution important s\u2019explique par un effet de \u00ab\u00a0rattrapage\u00a0\u00bb apr\u00e8s une baisse g\u00e9n\u00e9rale d\u2019activit\u00e9 observ\u00e9e durant la crise sanitaire. En ce qui concerne la superficie des constructions neuves de locaux, celle-ci diminue de 7,5% et s\u2019\u00e9l\u00e8ve \u00e0 52 milliers de m2 (contre 56 milliers de m2 un an auparavant).<\/p>\n<p>En parall\u00e8le, \ud835\udfef\ud835\udfec\ud835\udfec\ud835\udfec \ud835\uddfd\ud835\uddf2\ud835\uddff\ud835\uddfa\ud835\uddf6\ud835\ude00 \ud835\uddf1\ud835\uddf2 \ud835\uddf0\ud835\uddfc\ud835\uddfb\ud835\ude00\ud835\ude01\ud835\uddff\ud835\ude02\ud835\uddf6\ud835\uddff\ud835\uddf2 \ud835\uddf1\ud835\uddf2 \ud835\uddf9\ud835\uddfc\ud835\uddf4\ud835\uddf2\ud835\uddfa\ud835\uddf2\ud835\uddfb\ud835\ude01\ud835\ude00 \ud835\uddfb\ud835\uddf2\ud835\ude02\ud835\uddf3\ud835\ude00 ont \u00e9t\u00e9 accord\u00e9s, soit une l\u00e9g\u00e8re baisse de 6% par rapport \u00e0 la p\u00e9riode pr\u00e9c\u00e9dente (3150 autorisations). De m\u00eame, la surface des locaux autoris\u00e9s \u00e0 la construction recule de 1,6% et s\u2019\u00e9l\u00e8ve \u00e0 73,6 milliers de m2 (contre 74,9 milliers de m2)<\/p>\n<p>De juillet 2021 \u00e0 juin 2022, \ud835\udfed\ud835\udff1\ud835\udfed \ud835\udff0\ud835\udfec\ud835\udfec \ud835\ude01\ud835\uddfc\ud835\uddfb\ud835\uddfb\ud835\uddf2\ud835\ude00 \ud835\uddf1\ud835\uddf2 \ud835\uddf0\ud835\uddf6\ud835\uddfa\ud835\uddf2\ud835\uddfb\ud835\ude01 ont \u00e9t\u00e9 vendues, contre 158 400 tonnes de juillet 2020 \u00e0 juin 2021, soit une baisse de 4,4%.<\/p>\n<p>Le nombre de postes salari\u00e9s dans le secteur de la Construction accuse une l\u00e9g\u00e8re diminution (-0,9% en un an) : au 2nd trimestre 2022, \ud835\udff2\ud835\udfef\ud835\udfec\ud835\udfec \ud835\uddfd\ud835\uddfc\ud835\ude00\ud835\ude01\ud835\uddf2\ud835\ude00 sont d\u00e9nombr\u00e9s. Les effectifs des demandeurs d\u2019emplois dans le BTP continuent de d\u00e9cro\u00eetre : \ud835\udfee\ud835\udff3\ud835\udfec\ud835\udfec \ud835\uddf1\ud835\uddf2\ud835\uddfa\ud835\uddee\ud835\uddfb\ud835\uddf1\ud835\uddf2\ud835\ude02\ud835\uddff\ud835\ude00 \ud835\uddf1\u2019\ud835\uddf2\ud835\uddfa\ud835\uddfd\ud835\uddf9\ud835\uddfc\ud835\uddf6\u00a0sont recens\u00e9s au 2nd trimestre 2022.<\/p>\n","protected":false},"excerpt":{"rendered":"<p>&nbsp; Les indicateurs contenus dans cette publication ont \u00e9t\u00e9 actualis\u00e9s jusque fin juin 2022, permettant ainsi un comparatif annuel entre deux p\u00e9riodes de r\u00e9f\u00e9rence (entre juillet 2020-juin 2021 et juillet 2021-juin 2022) ou intertrimestriel (entre le 2nd trimestre 2021 et le 2nd trimestre 2022). En r\u00e9sum\u00e9 : Entre juillet 2021 et juin 2022, \ud835\udfee\ud835\udfef\ud835\udfec\ud835\udfec \ud835\uddf9\ud835\uddfc\ud835\uddf4\ud835\uddf2\ud835\uddfa\ud835\uddf2\ud835\uddfb\ud835\ude01\ud835\ude00 [&hellip;]<\/p>\n","protected":false},"author":1,"featured_media":0,"comment_status":"open","ping_status":"open","sticky":false,"template":"","format":"standard","meta":{"footnotes":""},"categories":[10,46],"tags":[],"class_list":["post-20551","post","type-post","status-publish","format-standard","hentry","category-batisolid","category-notes-de-conjoncture"],"yoast_head":"<!-- This site is optimized with the Yoast SEO plugin v24.0 - https:\/\/yoast.com\/wordpress\/plugins\/seo\/ -->\n<title>Note de conjoncture\u2013 N\u00b010 \u2013 Novembre 2022 - Cerc Martinique<\/title>\n<meta name=\"robots\" content=\"index, follow, max-snippet:-1, max-image-preview:large, max-video-preview:-1\" \/>\n<link rel=\"canonical\" href=\"https:\/\/www.cerc-mq.fr\/index.php\/2023\/01\/02\/note-de-conjoncture-n10-novembre-2022\/\" \/>\n<meta property=\"og:locale\" content=\"fr_FR\" \/>\n<meta property=\"og:type\" content=\"article\" \/>\n<meta property=\"og:title\" content=\"Note de conjoncture\u2013 N\u00b010 \u2013 Novembre 2022 - Cerc Martinique\" \/>\n<meta property=\"og:description\" content=\"&nbsp; Les indicateurs contenus dans cette publication ont \u00e9t\u00e9 actualis\u00e9s jusque fin juin 2022, permettant ainsi un comparatif annuel entre deux p\u00e9riodes de r\u00e9f\u00e9rence (entre juillet 2020-juin 2021 et juillet 2021-juin 2022) ou intertrimestriel (entre le 2nd trimestre 2021 et le 2nd trimestre 2022). En r\u00e9sum\u00e9 : Entre juillet 2021 et juin 2022, \ud835\udfee\ud835\udfef\ud835\udfec\ud835\udfec \ud835\uddf9\ud835\uddfc\ud835\uddf4\ud835\uddf2\ud835\uddfa\ud835\uddf2\ud835\uddfb\ud835\ude01\ud835\ude00 [&hellip;]\" \/>\n<meta property=\"og:url\" content=\"https:\/\/www.cerc-mq.fr\/index.php\/2023\/01\/02\/note-de-conjoncture-n10-novembre-2022\/\" \/>\n<meta property=\"og:site_name\" content=\"Cerc Martinique\" \/>\n<meta property=\"article:published_time\" content=\"2023-01-02T17:00:25+00:00\" \/>\n<meta property=\"article:modified_time\" content=\"2024-04-16T13:04:55+00:00\" \/>\n<meta name=\"author\" content=\"admin7953\" \/>\n<meta name=\"twitter:card\" content=\"summary_large_image\" \/>\n<meta name=\"twitter:label1\" content=\"\u00c9crit par\" \/>\n\t<meta name=\"twitter:data1\" content=\"admin7953\" \/>\n\t<meta name=\"twitter:label2\" content=\"Dur\u00e9e de lecture estim\u00e9e\" \/>\n\t<meta name=\"twitter:data2\" content=\"2 minutes\" \/>\n<script type=\"application\/ld+json\" class=\"yoast-schema-graph\">{\"@context\":\"https:\/\/schema.org\",\"@graph\":[{\"@type\":\"WebPage\",\"@id\":\"https:\/\/www.cerc-mq.fr\/index.php\/2023\/01\/02\/note-de-conjoncture-n10-novembre-2022\/\",\"url\":\"https:\/\/www.cerc-mq.fr\/index.php\/2023\/01\/02\/note-de-conjoncture-n10-novembre-2022\/\",\"name\":\"Note de conjoncture\u2013 N\u00b010 \u2013 Novembre 2022 - Cerc Martinique\",\"isPartOf\":{\"@id\":\"https:\/\/www.cerc-mq.fr\/#website\"},\"datePublished\":\"2023-01-02T17:00:25+00:00\",\"dateModified\":\"2024-04-16T13:04:55+00:00\",\"author\":{\"@id\":\"https:\/\/www.cerc-mq.fr\/#\/schema\/person\/58ad1e4df5389880d31ca8b042eec47e\"},\"breadcrumb\":{\"@id\":\"https:\/\/www.cerc-mq.fr\/index.php\/2023\/01\/02\/note-de-conjoncture-n10-novembre-2022\/#breadcrumb\"},\"inLanguage\":\"fr-FR\",\"potentialAction\":[{\"@type\":\"ReadAction\",\"target\":[\"https:\/\/www.cerc-mq.fr\/index.php\/2023\/01\/02\/note-de-conjoncture-n10-novembre-2022\/\"]}]},{\"@type\":\"BreadcrumbList\",\"@id\":\"https:\/\/www.cerc-mq.fr\/index.php\/2023\/01\/02\/note-de-conjoncture-n10-novembre-2022\/#breadcrumb\",\"itemListElement\":[{\"@type\":\"ListItem\",\"position\":1,\"name\":\"Accueil\",\"item\":\"https:\/\/www.cerc-mq.fr\/\"},{\"@type\":\"ListItem\",\"position\":2,\"name\":\"Note de conjoncture\u2013 N\u00b010 \u2013 Novembre 2022\"}]},{\"@type\":\"WebSite\",\"@id\":\"https:\/\/www.cerc-mq.fr\/#website\",\"url\":\"https:\/\/www.cerc-mq.fr\/\",\"name\":\"Cerc Martinique\",\"description\":\"Cellule \u00c9conomique R\u00e9gional de la Martinique\",\"potentialAction\":[{\"@type\":\"SearchAction\",\"target\":{\"@type\":\"EntryPoint\",\"urlTemplate\":\"https:\/\/www.cerc-mq.fr\/?s={search_term_string}\"},\"query-input\":{\"@type\":\"PropertyValueSpecification\",\"valueRequired\":true,\"valueName\":\"search_term_string\"}}],\"inLanguage\":\"fr-FR\"},{\"@type\":\"Person\",\"@id\":\"https:\/\/www.cerc-mq.fr\/#\/schema\/person\/58ad1e4df5389880d31ca8b042eec47e\",\"name\":\"admin7953\",\"image\":{\"@type\":\"ImageObject\",\"inLanguage\":\"fr-FR\",\"@id\":\"https:\/\/www.cerc-mq.fr\/#\/schema\/person\/image\/\",\"url\":\"https:\/\/secure.gravatar.com\/avatar\/b9a18c6c75a26b8fea8c0a02fe647ca4b4cf880219623454a5ca4569002b1c2b?s=96&d=mm&r=g\",\"contentUrl\":\"https:\/\/secure.gravatar.com\/avatar\/b9a18c6c75a26b8fea8c0a02fe647ca4b4cf880219623454a5ca4569002b1c2b?s=96&d=mm&r=g\",\"caption\":\"admin7953\"},\"sameAs\":[\"http:\/\/www.cerc-mq.fr\"],\"url\":\"https:\/\/www.cerc-mq.fr\/index.php\/author\/admin7953\/\"}]}<\/script>\n<!-- \/ Yoast SEO plugin. -->","yoast_head_json":{"title":"Note de conjoncture\u2013 N\u00b010 \u2013 Novembre 2022 - Cerc Martinique","robots":{"index":"index","follow":"follow","max-snippet":"max-snippet:-1","max-image-preview":"max-image-preview:large","max-video-preview":"max-video-preview:-1"},"canonical":"https:\/\/www.cerc-mq.fr\/index.php\/2023\/01\/02\/note-de-conjoncture-n10-novembre-2022\/","og_locale":"fr_FR","og_type":"article","og_title":"Note de conjoncture\u2013 N\u00b010 \u2013 Novembre 2022 - Cerc Martinique","og_description":"&nbsp; Les indicateurs contenus dans cette publication ont \u00e9t\u00e9 actualis\u00e9s jusque fin juin 2022, permettant ainsi un comparatif annuel entre deux p\u00e9riodes de r\u00e9f\u00e9rence (entre juillet 2020-juin 2021 et juillet 2021-juin 2022) ou intertrimestriel (entre le 2nd trimestre 2021 et le 2nd trimestre 2022). En r\u00e9sum\u00e9 : Entre juillet 2021 et juin 2022, \ud835\udfee\ud835\udfef\ud835\udfec\ud835\udfec \ud835\uddf9\ud835\uddfc\ud835\uddf4\ud835\uddf2\ud835\uddfa\ud835\uddf2\ud835\uddfb\ud835\ude01\ud835\ude00 [&hellip;]","og_url":"https:\/\/www.cerc-mq.fr\/index.php\/2023\/01\/02\/note-de-conjoncture-n10-novembre-2022\/","og_site_name":"Cerc Martinique","article_published_time":"2023-01-02T17:00:25+00:00","article_modified_time":"2024-04-16T13:04:55+00:00","author":"admin7953","twitter_card":"summary_large_image","twitter_misc":{"\u00c9crit par":"admin7953","Dur\u00e9e de lecture estim\u00e9e":"2 minutes"},"schema":{"@context":"https:\/\/schema.org","@graph":[{"@type":"WebPage","@id":"https:\/\/www.cerc-mq.fr\/index.php\/2023\/01\/02\/note-de-conjoncture-n10-novembre-2022\/","url":"https:\/\/www.cerc-mq.fr\/index.php\/2023\/01\/02\/note-de-conjoncture-n10-novembre-2022\/","name":"Note de conjoncture\u2013 N\u00b010 \u2013 Novembre 2022 - Cerc Martinique","isPartOf":{"@id":"https:\/\/www.cerc-mq.fr\/#website"},"datePublished":"2023-01-02T17:00:25+00:00","dateModified":"2024-04-16T13:04:55+00:00","author":{"@id":"https:\/\/www.cerc-mq.fr\/#\/schema\/person\/58ad1e4df5389880d31ca8b042eec47e"},"breadcrumb":{"@id":"https:\/\/www.cerc-mq.fr\/index.php\/2023\/01\/02\/note-de-conjoncture-n10-novembre-2022\/#breadcrumb"},"inLanguage":"fr-FR","potentialAction":[{"@type":"ReadAction","target":["https:\/\/www.cerc-mq.fr\/index.php\/2023\/01\/02\/note-de-conjoncture-n10-novembre-2022\/"]}]},{"@type":"BreadcrumbList","@id":"https:\/\/www.cerc-mq.fr\/index.php\/2023\/01\/02\/note-de-conjoncture-n10-novembre-2022\/#breadcrumb","itemListElement":[{"@type":"ListItem","position":1,"name":"Accueil","item":"https:\/\/www.cerc-mq.fr\/"},{"@type":"ListItem","position":2,"name":"Note de conjoncture\u2013 N\u00b010 \u2013 Novembre 2022"}]},{"@type":"WebSite","@id":"https:\/\/www.cerc-mq.fr\/#website","url":"https:\/\/www.cerc-mq.fr\/","name":"Cerc Martinique","description":"Cellule \u00c9conomique R\u00e9gional de la Martinique","potentialAction":[{"@type":"SearchAction","target":{"@type":"EntryPoint","urlTemplate":"https:\/\/www.cerc-mq.fr\/?s={search_term_string}"},"query-input":{"@type":"PropertyValueSpecification","valueRequired":true,"valueName":"search_term_string"}}],"inLanguage":"fr-FR"},{"@type":"Person","@id":"https:\/\/www.cerc-mq.fr\/#\/schema\/person\/58ad1e4df5389880d31ca8b042eec47e","name":"admin7953","image":{"@type":"ImageObject","inLanguage":"fr-FR","@id":"https:\/\/www.cerc-mq.fr\/#\/schema\/person\/image\/","url":"https:\/\/secure.gravatar.com\/avatar\/b9a18c6c75a26b8fea8c0a02fe647ca4b4cf880219623454a5ca4569002b1c2b?s=96&d=mm&r=g","contentUrl":"https:\/\/secure.gravatar.com\/avatar\/b9a18c6c75a26b8fea8c0a02fe647ca4b4cf880219623454a5ca4569002b1c2b?s=96&d=mm&r=g","caption":"admin7953"},"sameAs":["http:\/\/www.cerc-mq.fr"],"url":"https:\/\/www.cerc-mq.fr\/index.php\/author\/admin7953\/"}]}},"_links":{"self":[{"href":"https:\/\/www.cerc-mq.fr\/index.php\/wp-json\/wp\/v2\/posts\/20551","targetHints":{"allow":["GET"]}}],"collection":[{"href":"https:\/\/www.cerc-mq.fr\/index.php\/wp-json\/wp\/v2\/posts"}],"about":[{"href":"https:\/\/www.cerc-mq.fr\/index.php\/wp-json\/wp\/v2\/types\/post"}],"author":[{"embeddable":true,"href":"https:\/\/www.cerc-mq.fr\/index.php\/wp-json\/wp\/v2\/users\/1"}],"replies":[{"embeddable":true,"href":"https:\/\/www.cerc-mq.fr\/index.php\/wp-json\/wp\/v2\/comments?post=20551"}],"version-history":[{"count":1,"href":"https:\/\/www.cerc-mq.fr\/index.php\/wp-json\/wp\/v2\/posts\/20551\/revisions"}],"predecessor-version":[{"id":24009,"href":"https:\/\/www.cerc-mq.fr\/index.php\/wp-json\/wp\/v2\/posts\/20551\/revisions\/24009"}],"wp:attachment":[{"href":"https:\/\/www.cerc-mq.fr\/index.php\/wp-json\/wp\/v2\/media?parent=20551"}],"wp:term":[{"taxonomy":"category","embeddable":true,"href":"https:\/\/www.cerc-mq.fr\/index.php\/wp-json\/wp\/v2\/categories?post=20551"},{"taxonomy":"post_tag","embeddable":true,"href":"https:\/\/www.cerc-mq.fr\/index.php\/wp-json\/wp\/v2\/tags?post=20551"}],"curies":[{"name":"wp","href":"https:\/\/api.w.org\/{rel}","templated":true}]}}