{"id":1822,"date":"2020-06-16T09:58:17","date_gmt":"2020-06-16T13:58:17","guid":{"rendered":"https:\/\/www.cerc-martinique.fr\/?p=1822"},"modified":"2020-06-16T09:58:17","modified_gmt":"2020-06-16T13:58:17","slug":"creation-dun-comite-local-de-suivi-de-la-reprise-de-lactivite-du-btp","status":"publish","type":"post","link":"https:\/\/www.cerc-mq.fr\/index.php\/2020\/06\/16\/creation-dun-comite-local-de-suivi-de-la-reprise-de-lactivite-du-btp\/","title":{"rendered":"Cr\u00e9ation d&rsquo;un Comit\u00e9 local de suivi de la reprise de l\u2019activit\u00e9 du BTP"},"content":{"rendered":"<p>Au cours des derni\u00e8res semaines, les chambres consulaires, les f\u00e9d\u00e9rations professionnelles, mais aussi les collectivit\u00e9s ont formul\u00e9 des propositions visant \u00e0 relancer le BTP et plus globalement l\u2019\u00e9conomie martiniquaise.<\/p>\n<p>Conform\u00e9ment \u00e0 son r\u00f4le f\u00e9d\u00e9rateur, la CERC se propose de porter un plan de relance unique aupr\u00e8s des instances locales et nationales. Pour cela, il est n\u00e9cessaire que les acteurs priv\u00e9s et publics se r\u00e9unissent et contribuent ensemble aux r\u00e9flexions afin de lever les freins \u00e0 la reprise des activit\u00e9s du BTP de mani\u00e8re rapide, efficace et surtout durable.<\/p>\n<p>\u00c0 cet effet, la CERC propose de mettre en place un outil de suivi de l\u2019activit\u00e9 du BTP, \u00e0 travers l\u2019installation d\u2019un \u00ab\u00a0<strong>Comit\u00e9 local de suivi de la reprise de l\u2019activit\u00e9 du BTP<\/strong>\u00a0\u00bb.<\/p>\n<p>&nbsp;<\/p>\n<p>Pour plus d&rsquo;informations :<\/p>\n<p><a href=\"https:\/\/www.cerc-martinique.fr\/creation-dun-comite-local-de-suivi-de-la-reprise-de-lactivite-du-btp\/synthese-propositions-relance-btp_-vf-12062020\/\" rel=\"attachment wp-att-1823\">Synth\u00e8se des propositions de relance du BTP_ 12062020<\/a><\/p>\n","protected":false},"excerpt":{"rendered":"<p>Au cours des derni\u00e8res semaines, les chambres consulaires, les f\u00e9d\u00e9rations professionnelles, mais aussi les collectivit\u00e9s ont formul\u00e9 des propositions visant \u00e0 relancer le BTP et plus globalement l\u2019\u00e9conomie martiniquaise. Conform\u00e9ment \u00e0 son r\u00f4le f\u00e9d\u00e9rateur, la CERC se propose de porter un plan de relance unique aupr\u00e8s des instances locales et nationales. Pour cela, il est [&hellip;]<\/p>\n","protected":false},"author":1,"featured_media":0,"comment_status":"open","ping_status":"open","sticky":false,"template":"","format":"standard","meta":{"footnotes":""},"categories":[4,12],"tags":[],"class_list":["post-1822","post","type-post","status-publish","format-standard","hentry","category-actualites","category-relance-btp"],"yoast_head":"<!-- This site is optimized with the Yoast SEO plugin v24.0 - https:\/\/yoast.com\/wordpress\/plugins\/seo\/ -->\n<title>Cr\u00e9ation d&#039;un Comit\u00e9 local de suivi de la reprise de l\u2019activit\u00e9 du BTP - Cerc Martinique<\/title>\n<meta name=\"robots\" content=\"index, follow, max-snippet:-1, max-image-preview:large, max-video-preview:-1\" \/>\n<link rel=\"canonical\" href=\"https:\/\/www.cerc-mq.fr\/index.php\/2020\/06\/16\/creation-dun-comite-local-de-suivi-de-la-reprise-de-lactivite-du-btp\/\" \/>\n<meta property=\"og:locale\" content=\"fr_FR\" \/>\n<meta property=\"og:type\" content=\"article\" \/>\n<meta property=\"og:title\" content=\"Cr\u00e9ation d&#039;un Comit\u00e9 local de suivi de la reprise de l\u2019activit\u00e9 du BTP - Cerc Martinique\" \/>\n<meta property=\"og:description\" content=\"Au cours des derni\u00e8res semaines, les chambres consulaires, les f\u00e9d\u00e9rations professionnelles, mais aussi les collectivit\u00e9s ont formul\u00e9 des propositions visant \u00e0 relancer le BTP et plus globalement l\u2019\u00e9conomie martiniquaise. Conform\u00e9ment \u00e0 son r\u00f4le f\u00e9d\u00e9rateur, la CERC se propose de porter un plan de relance unique aupr\u00e8s des instances locales et nationales. Pour cela, il est [&hellip;]\" \/>\n<meta property=\"og:url\" content=\"https:\/\/www.cerc-mq.fr\/index.php\/2020\/06\/16\/creation-dun-comite-local-de-suivi-de-la-reprise-de-lactivite-du-btp\/\" \/>\n<meta property=\"og:site_name\" content=\"Cerc Martinique\" \/>\n<meta property=\"article:published_time\" content=\"2020-06-16T13:58:17+00:00\" \/>\n<meta name=\"author\" content=\"admin7953\" \/>\n<meta name=\"twitter:card\" content=\"summary_large_image\" \/>\n<meta name=\"twitter:label1\" content=\"\u00c9crit par\" \/>\n\t<meta name=\"twitter:data1\" content=\"admin7953\" \/>\n\t<meta name=\"twitter:label2\" content=\"Dur\u00e9e de lecture estim\u00e9e\" \/>\n\t<meta name=\"twitter:data2\" content=\"1 minute\" \/>\n<script type=\"application\/ld+json\" class=\"yoast-schema-graph\">{\"@context\":\"https:\/\/schema.org\",\"@graph\":[{\"@type\":\"WebPage\",\"@id\":\"https:\/\/www.cerc-mq.fr\/index.php\/2020\/06\/16\/creation-dun-comite-local-de-suivi-de-la-reprise-de-lactivite-du-btp\/\",\"url\":\"https:\/\/www.cerc-mq.fr\/index.php\/2020\/06\/16\/creation-dun-comite-local-de-suivi-de-la-reprise-de-lactivite-du-btp\/\",\"name\":\"Cr\u00e9ation d'un Comit\u00e9 local de suivi de la reprise de l\u2019activit\u00e9 du BTP - Cerc Martinique\",\"isPartOf\":{\"@id\":\"https:\/\/www.cerc-mq.fr\/#website\"},\"datePublished\":\"2020-06-16T13:58:17+00:00\",\"dateModified\":\"2020-06-16T13:58:17+00:00\",\"author\":{\"@id\":\"https:\/\/www.cerc-mq.fr\/#\/schema\/person\/58ad1e4df5389880d31ca8b042eec47e\"},\"breadcrumb\":{\"@id\":\"https:\/\/www.cerc-mq.fr\/index.php\/2020\/06\/16\/creation-dun-comite-local-de-suivi-de-la-reprise-de-lactivite-du-btp\/#breadcrumb\"},\"inLanguage\":\"fr-FR\",\"potentialAction\":[{\"@type\":\"ReadAction\",\"target\":[\"https:\/\/www.cerc-mq.fr\/index.php\/2020\/06\/16\/creation-dun-comite-local-de-suivi-de-la-reprise-de-lactivite-du-btp\/\"]}]},{\"@type\":\"BreadcrumbList\",\"@id\":\"https:\/\/www.cerc-mq.fr\/index.php\/2020\/06\/16\/creation-dun-comite-local-de-suivi-de-la-reprise-de-lactivite-du-btp\/#breadcrumb\",\"itemListElement\":[{\"@type\":\"ListItem\",\"position\":1,\"name\":\"Accueil\",\"item\":\"https:\/\/www.cerc-mq.fr\/\"},{\"@type\":\"ListItem\",\"position\":2,\"name\":\"Cr\u00e9ation d&rsquo;un Comit\u00e9 local de suivi de la reprise de l\u2019activit\u00e9 du BTP\"}]},{\"@type\":\"WebSite\",\"@id\":\"https:\/\/www.cerc-mq.fr\/#website\",\"url\":\"https:\/\/www.cerc-mq.fr\/\",\"name\":\"Cerc Martinique\",\"description\":\"Cellule \u00c9conomique R\u00e9gional de la Martinique\",\"potentialAction\":[{\"@type\":\"SearchAction\",\"target\":{\"@type\":\"EntryPoint\",\"urlTemplate\":\"https:\/\/www.cerc-mq.fr\/?s={search_term_string}\"},\"query-input\":{\"@type\":\"PropertyValueSpecification\",\"valueRequired\":true,\"valueName\":\"search_term_string\"}}],\"inLanguage\":\"fr-FR\"},{\"@type\":\"Person\",\"@id\":\"https:\/\/www.cerc-mq.fr\/#\/schema\/person\/58ad1e4df5389880d31ca8b042eec47e\",\"name\":\"admin7953\",\"image\":{\"@type\":\"ImageObject\",\"inLanguage\":\"fr-FR\",\"@id\":\"https:\/\/www.cerc-mq.fr\/#\/schema\/person\/image\/\",\"url\":\"https:\/\/secure.gravatar.com\/avatar\/b9a18c6c75a26b8fea8c0a02fe647ca4b4cf880219623454a5ca4569002b1c2b?s=96&d=mm&r=g\",\"contentUrl\":\"https:\/\/secure.gravatar.com\/avatar\/b9a18c6c75a26b8fea8c0a02fe647ca4b4cf880219623454a5ca4569002b1c2b?s=96&d=mm&r=g\",\"caption\":\"admin7953\"},\"sameAs\":[\"http:\/\/www.cerc-mq.fr\"],\"url\":\"https:\/\/www.cerc-mq.fr\/index.php\/author\/admin7953\/\"}]}<\/script>\n<!-- \/ Yoast SEO plugin. -->","yoast_head_json":{"title":"Cr\u00e9ation d'un Comit\u00e9 local de suivi de la reprise de l\u2019activit\u00e9 du BTP - Cerc Martinique","robots":{"index":"index","follow":"follow","max-snippet":"max-snippet:-1","max-image-preview":"max-image-preview:large","max-video-preview":"max-video-preview:-1"},"canonical":"https:\/\/www.cerc-mq.fr\/index.php\/2020\/06\/16\/creation-dun-comite-local-de-suivi-de-la-reprise-de-lactivite-du-btp\/","og_locale":"fr_FR","og_type":"article","og_title":"Cr\u00e9ation d'un Comit\u00e9 local de suivi de la reprise de l\u2019activit\u00e9 du BTP - Cerc Martinique","og_description":"Au cours des derni\u00e8res semaines, les chambres consulaires, les f\u00e9d\u00e9rations professionnelles, mais aussi les collectivit\u00e9s ont formul\u00e9 des propositions visant \u00e0 relancer le BTP et plus globalement l\u2019\u00e9conomie martiniquaise. Conform\u00e9ment \u00e0 son r\u00f4le f\u00e9d\u00e9rateur, la CERC se propose de porter un plan de relance unique aupr\u00e8s des instances locales et nationales. Pour cela, il est [&hellip;]","og_url":"https:\/\/www.cerc-mq.fr\/index.php\/2020\/06\/16\/creation-dun-comite-local-de-suivi-de-la-reprise-de-lactivite-du-btp\/","og_site_name":"Cerc Martinique","article_published_time":"2020-06-16T13:58:17+00:00","author":"admin7953","twitter_card":"summary_large_image","twitter_misc":{"\u00c9crit par":"admin7953","Dur\u00e9e de lecture estim\u00e9e":"1 minute"},"schema":{"@context":"https:\/\/schema.org","@graph":[{"@type":"WebPage","@id":"https:\/\/www.cerc-mq.fr\/index.php\/2020\/06\/16\/creation-dun-comite-local-de-suivi-de-la-reprise-de-lactivite-du-btp\/","url":"https:\/\/www.cerc-mq.fr\/index.php\/2020\/06\/16\/creation-dun-comite-local-de-suivi-de-la-reprise-de-lactivite-du-btp\/","name":"Cr\u00e9ation d'un Comit\u00e9 local de suivi de la reprise de l\u2019activit\u00e9 du BTP - Cerc Martinique","isPartOf":{"@id":"https:\/\/www.cerc-mq.fr\/#website"},"datePublished":"2020-06-16T13:58:17+00:00","dateModified":"2020-06-16T13:58:17+00:00","author":{"@id":"https:\/\/www.cerc-mq.fr\/#\/schema\/person\/58ad1e4df5389880d31ca8b042eec47e"},"breadcrumb":{"@id":"https:\/\/www.cerc-mq.fr\/index.php\/2020\/06\/16\/creation-dun-comite-local-de-suivi-de-la-reprise-de-lactivite-du-btp\/#breadcrumb"},"inLanguage":"fr-FR","potentialAction":[{"@type":"ReadAction","target":["https:\/\/www.cerc-mq.fr\/index.php\/2020\/06\/16\/creation-dun-comite-local-de-suivi-de-la-reprise-de-lactivite-du-btp\/"]}]},{"@type":"BreadcrumbList","@id":"https:\/\/www.cerc-mq.fr\/index.php\/2020\/06\/16\/creation-dun-comite-local-de-suivi-de-la-reprise-de-lactivite-du-btp\/#breadcrumb","itemListElement":[{"@type":"ListItem","position":1,"name":"Accueil","item":"https:\/\/www.cerc-mq.fr\/"},{"@type":"ListItem","position":2,"name":"Cr\u00e9ation d&rsquo;un Comit\u00e9 local de suivi de la reprise de l\u2019activit\u00e9 du BTP"}]},{"@type":"WebSite","@id":"https:\/\/www.cerc-mq.fr\/#website","url":"https:\/\/www.cerc-mq.fr\/","name":"Cerc Martinique","description":"Cellule \u00c9conomique R\u00e9gional de la Martinique","potentialAction":[{"@type":"SearchAction","target":{"@type":"EntryPoint","urlTemplate":"https:\/\/www.cerc-mq.fr\/?s={search_term_string}"},"query-input":{"@type":"PropertyValueSpecification","valueRequired":true,"valueName":"search_term_string"}}],"inLanguage":"fr-FR"},{"@type":"Person","@id":"https:\/\/www.cerc-mq.fr\/#\/schema\/person\/58ad1e4df5389880d31ca8b042eec47e","name":"admin7953","image":{"@type":"ImageObject","inLanguage":"fr-FR","@id":"https:\/\/www.cerc-mq.fr\/#\/schema\/person\/image\/","url":"https:\/\/secure.gravatar.com\/avatar\/b9a18c6c75a26b8fea8c0a02fe647ca4b4cf880219623454a5ca4569002b1c2b?s=96&d=mm&r=g","contentUrl":"https:\/\/secure.gravatar.com\/avatar\/b9a18c6c75a26b8fea8c0a02fe647ca4b4cf880219623454a5ca4569002b1c2b?s=96&d=mm&r=g","caption":"admin7953"},"sameAs":["http:\/\/www.cerc-mq.fr"],"url":"https:\/\/www.cerc-mq.fr\/index.php\/author\/admin7953\/"}]}},"_links":{"self":[{"href":"https:\/\/www.cerc-mq.fr\/index.php\/wp-json\/wp\/v2\/posts\/1822","targetHints":{"allow":["GET"]}}],"collection":[{"href":"https:\/\/www.cerc-mq.fr\/index.php\/wp-json\/wp\/v2\/posts"}],"about":[{"href":"https:\/\/www.cerc-mq.fr\/index.php\/wp-json\/wp\/v2\/types\/post"}],"author":[{"embeddable":true,"href":"https:\/\/www.cerc-mq.fr\/index.php\/wp-json\/wp\/v2\/users\/1"}],"replies":[{"embeddable":true,"href":"https:\/\/www.cerc-mq.fr\/index.php\/wp-json\/wp\/v2\/comments?post=1822"}],"version-history":[{"count":0,"href":"https:\/\/www.cerc-mq.fr\/index.php\/wp-json\/wp\/v2\/posts\/1822\/revisions"}],"wp:attachment":[{"href":"https:\/\/www.cerc-mq.fr\/index.php\/wp-json\/wp\/v2\/media?parent=1822"}],"wp:term":[{"taxonomy":"category","embeddable":true,"href":"https:\/\/www.cerc-mq.fr\/index.php\/wp-json\/wp\/v2\/categories?post=1822"},{"taxonomy":"post_tag","embeddable":true,"href":"https:\/\/www.cerc-mq.fr\/index.php\/wp-json\/wp\/v2\/tags?post=1822"}],"curies":[{"name":"wp","href":"https:\/\/api.w.org\/{rel}","templated":true}]}}