{"id":17324,"date":"2022-10-18T17:28:32","date_gmt":"2022-10-18T21:28:32","guid":{"rendered":"https:\/\/www.cerc-martinique.fr\/?p=17324"},"modified":"2022-10-18T17:28:32","modified_gmt":"2022-10-18T21:28:32","slug":"etude-sur-les-couts-de-la-construction-et-de-rehabilitation-de-logements","status":"publish","type":"post","link":"https:\/\/www.cerc-mq.fr\/index.php\/2022\/10\/18\/etude-sur-les-couts-de-la-construction-et-de-rehabilitation-de-logements\/","title":{"rendered":"Etude sur les co\u00fbts de la construction et de r\u00e9habilitation de logements"},"content":{"rendered":"<p>La CERC de Martinique a r\u00e9alis\u00e9 au cours du premier semestre 2022 une \u00e9tude sur les co\u00fbts de la construction et de la r\u00e9habilitation de logements, dont les r\u00e9sultats ont \u00e9t\u00e9 pr\u00e9sent\u00e9s ce vendredi 7 octobre \u00e0 la Chambre de M\u00e9tiers et de l&rsquo;Artisanat.<\/p>\n<p>Vous trouverez ci-dessous la pr\u00e9sentation :<\/p>\n<!-- Aucun m\u00e9dia \u00e0 afficher... Quel ennui ! :( -->\n<p>&nbsp;<\/p>\n","protected":false},"excerpt":{"rendered":"<p>La CERC de Martinique a r\u00e9alis\u00e9 au cours du premier semestre 2022 une \u00e9tude sur les co\u00fbts de la construction et de la r\u00e9habilitation de logements, dont les r\u00e9sultats ont \u00e9t\u00e9 pr\u00e9sent\u00e9s ce vendredi 7 octobre \u00e0 la Chambre de M\u00e9tiers et de l&rsquo;Artisanat. Vous trouverez ci-dessous la pr\u00e9sentation : &nbsp;<\/p>\n","protected":false},"author":1,"featured_media":0,"comment_status":"open","ping_status":"open","sticky":false,"template":"","format":"standard","meta":{"footnotes":""},"categories":[4,3],"tags":[],"class_list":["post-17324","post","type-post","status-publish","format-standard","hentry","category-actualites","category-publications"],"yoast_head":"<!-- This site is optimized with the Yoast SEO plugin v24.0 - https:\/\/yoast.com\/wordpress\/plugins\/seo\/ -->\n<title>Etude sur les co\u00fbts de la construction et de r\u00e9habilitation de logements - Cerc Martinique<\/title>\n<meta name=\"robots\" content=\"index, follow, max-snippet:-1, max-image-preview:large, max-video-preview:-1\" \/>\n<link rel=\"canonical\" href=\"https:\/\/www.cerc-mq.fr\/index.php\/2022\/10\/18\/etude-sur-les-couts-de-la-construction-et-de-rehabilitation-de-logements\/\" \/>\n<meta property=\"og:locale\" content=\"fr_FR\" \/>\n<meta property=\"og:type\" content=\"article\" \/>\n<meta property=\"og:title\" content=\"Etude sur les co\u00fbts de la construction et de r\u00e9habilitation de logements - Cerc Martinique\" \/>\n<meta property=\"og:description\" content=\"La CERC de Martinique a r\u00e9alis\u00e9 au cours du premier semestre 2022 une \u00e9tude sur les co\u00fbts de la construction et de la r\u00e9habilitation de logements, dont les r\u00e9sultats ont \u00e9t\u00e9 pr\u00e9sent\u00e9s ce vendredi 7 octobre \u00e0 la Chambre de M\u00e9tiers et de l&#039;Artisanat. Vous trouverez ci-dessous la pr\u00e9sentation : &nbsp;\" \/>\n<meta property=\"og:url\" content=\"https:\/\/www.cerc-mq.fr\/index.php\/2022\/10\/18\/etude-sur-les-couts-de-la-construction-et-de-rehabilitation-de-logements\/\" \/>\n<meta property=\"og:site_name\" content=\"Cerc Martinique\" \/>\n<meta property=\"article:published_time\" content=\"2022-10-18T21:28:32+00:00\" \/>\n<meta name=\"author\" content=\"admin7953\" \/>\n<meta name=\"twitter:card\" content=\"summary_large_image\" \/>\n<meta name=\"twitter:label1\" content=\"\u00c9crit par\" \/>\n\t<meta name=\"twitter:data1\" content=\"admin7953\" \/>\n\t<meta name=\"twitter:label2\" content=\"Dur\u00e9e de lecture estim\u00e9e\" \/>\n\t<meta name=\"twitter:data2\" content=\"1 minute\" \/>\n<script type=\"application\/ld+json\" class=\"yoast-schema-graph\">{\"@context\":\"https:\/\/schema.org\",\"@graph\":[{\"@type\":\"WebPage\",\"@id\":\"https:\/\/www.cerc-mq.fr\/index.php\/2022\/10\/18\/etude-sur-les-couts-de-la-construction-et-de-rehabilitation-de-logements\/\",\"url\":\"https:\/\/www.cerc-mq.fr\/index.php\/2022\/10\/18\/etude-sur-les-couts-de-la-construction-et-de-rehabilitation-de-logements\/\",\"name\":\"Etude sur les co\u00fbts de la construction et de r\u00e9habilitation de logements - Cerc Martinique\",\"isPartOf\":{\"@id\":\"https:\/\/www.cerc-mq.fr\/#website\"},\"datePublished\":\"2022-10-18T21:28:32+00:00\",\"dateModified\":\"2022-10-18T21:28:32+00:00\",\"author\":{\"@id\":\"https:\/\/www.cerc-mq.fr\/#\/schema\/person\/58ad1e4df5389880d31ca8b042eec47e\"},\"breadcrumb\":{\"@id\":\"https:\/\/www.cerc-mq.fr\/index.php\/2022\/10\/18\/etude-sur-les-couts-de-la-construction-et-de-rehabilitation-de-logements\/#breadcrumb\"},\"inLanguage\":\"fr-FR\",\"potentialAction\":[{\"@type\":\"ReadAction\",\"target\":[\"https:\/\/www.cerc-mq.fr\/index.php\/2022\/10\/18\/etude-sur-les-couts-de-la-construction-et-de-rehabilitation-de-logements\/\"]}]},{\"@type\":\"BreadcrumbList\",\"@id\":\"https:\/\/www.cerc-mq.fr\/index.php\/2022\/10\/18\/etude-sur-les-couts-de-la-construction-et-de-rehabilitation-de-logements\/#breadcrumb\",\"itemListElement\":[{\"@type\":\"ListItem\",\"position\":1,\"name\":\"Accueil\",\"item\":\"https:\/\/www.cerc-mq.fr\/\"},{\"@type\":\"ListItem\",\"position\":2,\"name\":\"Etude sur les co\u00fbts de la construction et de r\u00e9habilitation de logements\"}]},{\"@type\":\"WebSite\",\"@id\":\"https:\/\/www.cerc-mq.fr\/#website\",\"url\":\"https:\/\/www.cerc-mq.fr\/\",\"name\":\"Cerc Martinique\",\"description\":\"Cellule \u00c9conomique R\u00e9gional de la Martinique\",\"potentialAction\":[{\"@type\":\"SearchAction\",\"target\":{\"@type\":\"EntryPoint\",\"urlTemplate\":\"https:\/\/www.cerc-mq.fr\/?s={search_term_string}\"},\"query-input\":{\"@type\":\"PropertyValueSpecification\",\"valueRequired\":true,\"valueName\":\"search_term_string\"}}],\"inLanguage\":\"fr-FR\"},{\"@type\":\"Person\",\"@id\":\"https:\/\/www.cerc-mq.fr\/#\/schema\/person\/58ad1e4df5389880d31ca8b042eec47e\",\"name\":\"admin7953\",\"image\":{\"@type\":\"ImageObject\",\"inLanguage\":\"fr-FR\",\"@id\":\"https:\/\/www.cerc-mq.fr\/#\/schema\/person\/image\/\",\"url\":\"https:\/\/secure.gravatar.com\/avatar\/b9a18c6c75a26b8fea8c0a02fe647ca4b4cf880219623454a5ca4569002b1c2b?s=96&d=mm&r=g\",\"contentUrl\":\"https:\/\/secure.gravatar.com\/avatar\/b9a18c6c75a26b8fea8c0a02fe647ca4b4cf880219623454a5ca4569002b1c2b?s=96&d=mm&r=g\",\"caption\":\"admin7953\"},\"sameAs\":[\"http:\/\/www.cerc-mq.fr\"],\"url\":\"https:\/\/www.cerc-mq.fr\/index.php\/author\/admin7953\/\"}]}<\/script>\n<!-- \/ Yoast SEO plugin. -->","yoast_head_json":{"title":"Etude sur les co\u00fbts de la construction et de r\u00e9habilitation de logements - Cerc Martinique","robots":{"index":"index","follow":"follow","max-snippet":"max-snippet:-1","max-image-preview":"max-image-preview:large","max-video-preview":"max-video-preview:-1"},"canonical":"https:\/\/www.cerc-mq.fr\/index.php\/2022\/10\/18\/etude-sur-les-couts-de-la-construction-et-de-rehabilitation-de-logements\/","og_locale":"fr_FR","og_type":"article","og_title":"Etude sur les co\u00fbts de la construction et de r\u00e9habilitation de logements - Cerc Martinique","og_description":"La CERC de Martinique a r\u00e9alis\u00e9 au cours du premier semestre 2022 une \u00e9tude sur les co\u00fbts de la construction et de la r\u00e9habilitation de logements, dont les r\u00e9sultats ont \u00e9t\u00e9 pr\u00e9sent\u00e9s ce vendredi 7 octobre \u00e0 la Chambre de M\u00e9tiers et de l'Artisanat. Vous trouverez ci-dessous la pr\u00e9sentation : &nbsp;","og_url":"https:\/\/www.cerc-mq.fr\/index.php\/2022\/10\/18\/etude-sur-les-couts-de-la-construction-et-de-rehabilitation-de-logements\/","og_site_name":"Cerc Martinique","article_published_time":"2022-10-18T21:28:32+00:00","author":"admin7953","twitter_card":"summary_large_image","twitter_misc":{"\u00c9crit par":"admin7953","Dur\u00e9e de lecture estim\u00e9e":"1 minute"},"schema":{"@context":"https:\/\/schema.org","@graph":[{"@type":"WebPage","@id":"https:\/\/www.cerc-mq.fr\/index.php\/2022\/10\/18\/etude-sur-les-couts-de-la-construction-et-de-rehabilitation-de-logements\/","url":"https:\/\/www.cerc-mq.fr\/index.php\/2022\/10\/18\/etude-sur-les-couts-de-la-construction-et-de-rehabilitation-de-logements\/","name":"Etude sur les co\u00fbts de la construction et de r\u00e9habilitation de logements - Cerc Martinique","isPartOf":{"@id":"https:\/\/www.cerc-mq.fr\/#website"},"datePublished":"2022-10-18T21:28:32+00:00","dateModified":"2022-10-18T21:28:32+00:00","author":{"@id":"https:\/\/www.cerc-mq.fr\/#\/schema\/person\/58ad1e4df5389880d31ca8b042eec47e"},"breadcrumb":{"@id":"https:\/\/www.cerc-mq.fr\/index.php\/2022\/10\/18\/etude-sur-les-couts-de-la-construction-et-de-rehabilitation-de-logements\/#breadcrumb"},"inLanguage":"fr-FR","potentialAction":[{"@type":"ReadAction","target":["https:\/\/www.cerc-mq.fr\/index.php\/2022\/10\/18\/etude-sur-les-couts-de-la-construction-et-de-rehabilitation-de-logements\/"]}]},{"@type":"BreadcrumbList","@id":"https:\/\/www.cerc-mq.fr\/index.php\/2022\/10\/18\/etude-sur-les-couts-de-la-construction-et-de-rehabilitation-de-logements\/#breadcrumb","itemListElement":[{"@type":"ListItem","position":1,"name":"Accueil","item":"https:\/\/www.cerc-mq.fr\/"},{"@type":"ListItem","position":2,"name":"Etude sur les co\u00fbts de la construction et de r\u00e9habilitation de logements"}]},{"@type":"WebSite","@id":"https:\/\/www.cerc-mq.fr\/#website","url":"https:\/\/www.cerc-mq.fr\/","name":"Cerc Martinique","description":"Cellule \u00c9conomique R\u00e9gional de la Martinique","potentialAction":[{"@type":"SearchAction","target":{"@type":"EntryPoint","urlTemplate":"https:\/\/www.cerc-mq.fr\/?s={search_term_string}"},"query-input":{"@type":"PropertyValueSpecification","valueRequired":true,"valueName":"search_term_string"}}],"inLanguage":"fr-FR"},{"@type":"Person","@id":"https:\/\/www.cerc-mq.fr\/#\/schema\/person\/58ad1e4df5389880d31ca8b042eec47e","name":"admin7953","image":{"@type":"ImageObject","inLanguage":"fr-FR","@id":"https:\/\/www.cerc-mq.fr\/#\/schema\/person\/image\/","url":"https:\/\/secure.gravatar.com\/avatar\/b9a18c6c75a26b8fea8c0a02fe647ca4b4cf880219623454a5ca4569002b1c2b?s=96&d=mm&r=g","contentUrl":"https:\/\/secure.gravatar.com\/avatar\/b9a18c6c75a26b8fea8c0a02fe647ca4b4cf880219623454a5ca4569002b1c2b?s=96&d=mm&r=g","caption":"admin7953"},"sameAs":["http:\/\/www.cerc-mq.fr"],"url":"https:\/\/www.cerc-mq.fr\/index.php\/author\/admin7953\/"}]}},"_links":{"self":[{"href":"https:\/\/www.cerc-mq.fr\/index.php\/wp-json\/wp\/v2\/posts\/17324","targetHints":{"allow":["GET"]}}],"collection":[{"href":"https:\/\/www.cerc-mq.fr\/index.php\/wp-json\/wp\/v2\/posts"}],"about":[{"href":"https:\/\/www.cerc-mq.fr\/index.php\/wp-json\/wp\/v2\/types\/post"}],"author":[{"embeddable":true,"href":"https:\/\/www.cerc-mq.fr\/index.php\/wp-json\/wp\/v2\/users\/1"}],"replies":[{"embeddable":true,"href":"https:\/\/www.cerc-mq.fr\/index.php\/wp-json\/wp\/v2\/comments?post=17324"}],"version-history":[{"count":0,"href":"https:\/\/www.cerc-mq.fr\/index.php\/wp-json\/wp\/v2\/posts\/17324\/revisions"}],"wp:attachment":[{"href":"https:\/\/www.cerc-mq.fr\/index.php\/wp-json\/wp\/v2\/media?parent=17324"}],"wp:term":[{"taxonomy":"category","embeddable":true,"href":"https:\/\/www.cerc-mq.fr\/index.php\/wp-json\/wp\/v2\/categories?post=17324"},{"taxonomy":"post_tag","embeddable":true,"href":"https:\/\/www.cerc-mq.fr\/index.php\/wp-json\/wp\/v2\/tags?post=17324"}],"curies":[{"name":"wp","href":"https:\/\/api.w.org\/{rel}","templated":true}]}}